{"id":2442,"date":"2022-10-06T08:36:43","date_gmt":"2022-10-06T08:36:43","guid":{"rendered":"https:\/\/virginiagallo.com\/?p=2442"},"modified":"2022-10-06T08:36:45","modified_gmt":"2022-10-06T08:36:45","slug":"esclava-de-mis-palabras","status":"publish","type":"post","link":"https:\/\/virginiagallo.com\/?p=2442","title":{"rendered":"Esclava de mis palabras"},"content":{"rendered":"\n<p>Todos tenemos un refr\u00e1n, que escuch\u00e1bamos en la infancia, como banda sonora de nuestras vidas.\u00a0<br>\u00bfEl m\u00edo? \u201cEres esclava de tus palabras y due\u00f1a tus silencios\u201d<\/p>\n\n\n\n<p>Jajaja, os pod\u00e9is imaginar, sal\u00ed t\u00edmida e introvertida.\u00a0<\/p>\n\n\n\n<p>El emprendimiento y la expatriaci\u00f3n me obligan a hablar para sobrevivir.&nbsp;<\/p>\n\n\n\n<p>Y descubro que quiz\u00e1s lo que me ha venido esclavizando m\u00e1s han sido mis silencios:&nbsp;<\/p>\n\n\n\n<p>\u274c&nbsp;Las emociones que he callado&nbsp;<br>\u274c&nbsp;Los l\u00edmites que no he puesto<br>\u274c&nbsp;Las necesidades que no he cubierto<br>\u274c&nbsp;Las opiniones que no he compartido<br>\u274c&nbsp;Las bromas que no he hecho<\/p>\n\n\n\n<p>En las sesiones con mis clientas, cambiamos refranes.&nbsp;<\/p>\n\n\n\n<p>Identificamos creencias arraigadas que limitan, las cuestionamos y las sustituimos por otras m\u00e1s liberadoras.&nbsp;<\/p>\n\n\n\n<p>En mi caso, es f\u00e1cil ganar:\u00a0<br><\/p>\n\n\n\n<p>\ud83d\udcab\u00a0COMPASI\u00d3N. \u201cEl que tiene que boca se equivoca\u201d<br>\ud83d\udcab\u00a0FLEXIBILIDAD. \u201cDonde dije digo, digo Diego\u201d<br>\ud83d\udcab\u00a0RELATIVIDAD. \u201cLas palabras se las lleva el viento\u201d\u00a0\u00a0<br><\/p>\n\n\n\n<p>\u00bfY a ti? \u00bfQu\u00e9 creencia te limita?<\/p>\n","protected":false},"excerpt":{"rendered":"<p>Todos tenemos un refr\u00e1n, que escuch\u00e1bamos en la infancia, como banda sonora de nuestras vidas.\u00a0\u00bfEl m\u00edo? \u201cEres esclava de tus palabras y due\u00f1a tus silencios\u201d Jajaja, os pod\u00e9is imaginar, sal\u00ed t\u00edmida e introvertida.\u00a0 El emprendimiento y la expatriaci\u00f3n me obligan a hablar para sobrevivir.&nbsp; Y descubro que quiz\u00e1s lo que me ha venido esclavizando m\u00e1s [&hellip;]<\/p>\n","protected":false},"author":2,"featured_media":2447,"comment_status":"open","ping_status":"open","sticky":false,"template":"","format":"standard","meta":{"_monsterinsights_skip_tracking":false,"_monsterinsights_sitenote_active":false,"_monsterinsights_sitenote_note":"","_monsterinsights_sitenote_category":0,"footnotes":""},"categories":[1],"tags":[],"class_list":["post-2442","post","type-post","status-publish","format-standard","has-post-thumbnail","hentry","category-uncategorized"],"yoast_head":"<!-- This site is optimized with the Yoast SEO plugin v27.0 - https:\/\/yoast.com\/product\/yoast-seo-wordpress\/ -->\n<title>Esclava de mis palabras - Virginia Gallo<\/title>\n<meta name=\"description\" content=\"Todos tenemos un refr\u00e1n, que escuch\u00e1bamos en la infancia, como banda sonora de nuestras vidas.\u00a0\u00bfCu\u00e1l es el m\u00edo?\" \/>\n<meta name=\"robots\" content=\"index, follow, max-snippet:-1, max-image-preview:large, max-video-preview:-1\" \/>\n<link rel=\"canonical\" href=\"https:\/\/virginiagallo.com\/?p=2442\" \/>\n<meta property=\"og:locale\" content=\"es_ES\" \/>\n<meta property=\"og:type\" content=\"article\" \/>\n<meta property=\"og:title\" content=\"Esclava de mis palabras - Virginia Gallo\" \/>\n<meta property=\"og:description\" content=\"Todos tenemos un refr\u00e1n, que escuch\u00e1bamos en la infancia, como banda sonora de nuestras vidas.\u00a0\u00bfCu\u00e1l es el m\u00edo?\" \/>\n<meta property=\"og:url\" content=\"https:\/\/virginiagallo.com\/?p=2442\" \/>\n<meta property=\"og:site_name\" content=\"Virginia Gallo\" \/>\n<meta property=\"article:publisher\" content=\"https:\/\/www.facebook.com\/Virginia-Gallo-Expat-Coach-110050807931706\" \/>\n<meta property=\"article:published_time\" content=\"2022-10-06T08:36:43+00:00\" \/>\n<meta property=\"article:modified_time\" content=\"2022-10-06T08:36:45+00:00\" \/>\n<meta property=\"og:image\" content=\"https:\/\/virginiagallo.com\/wp-content\/uploads\/2022\/10\/Esclava.png\" \/>\n\t<meta property=\"og:image:width\" content=\"1080\" \/>\n\t<meta property=\"og:image:height\" content=\"1080\" \/>\n\t<meta property=\"og:image:type\" content=\"image\/png\" \/>\n<meta name=\"author\" content=\"Virginia Gallo\" \/>\n<meta name=\"twitter:card\" content=\"summary_large_image\" \/>\n<meta name=\"twitter:label1\" content=\"Escrito por\" \/>\n\t<meta name=\"twitter:data1\" content=\"Virginia Gallo\" \/>\n\t<meta name=\"twitter:label2\" content=\"Tiempo de lectura\" \/>\n\t<meta name=\"twitter:data2\" content=\"1 minuto\" \/>\n<script type=\"application\/ld+json\" class=\"yoast-schema-graph\">{\"@context\":\"https:\/\/schema.org\",\"@graph\":[{\"@type\":\"Article\",\"@id\":\"https:\/\/virginiagallo.com\/?p=2442#article\",\"isPartOf\":{\"@id\":\"https:\/\/virginiagallo.com\/?p=2442\"},\"author\":{\"name\":\"Virginia Gallo\",\"@id\":\"https:\/\/virginiagallo.com\/#\/schema\/person\/bd5a0453aebc5917f9eba471131f3ac4\"},\"headline\":\"Esclava de mis palabras\",\"datePublished\":\"2022-10-06T08:36:43+00:00\",\"dateModified\":\"2022-10-06T08:36:45+00:00\",\"mainEntityOfPage\":{\"@id\":\"https:\/\/virginiagallo.com\/?p=2442\"},\"wordCount\":173,\"commentCount\":0,\"publisher\":{\"@id\":\"https:\/\/virginiagallo.com\/#organization\"},\"image\":{\"@id\":\"https:\/\/virginiagallo.com\/?p=2442#primaryimage\"},\"thumbnailUrl\":\"https:\/\/virginiagallo.com\/wp-content\/uploads\/2022\/10\/Esclava.png\",\"articleSection\":[\"Uncategorized\"],\"inLanguage\":\"es\",\"potentialAction\":[{\"@type\":\"CommentAction\",\"name\":\"Comment\",\"target\":[\"https:\/\/virginiagallo.com\/?p=2442#respond\"]}]},{\"@type\":\"WebPage\",\"@id\":\"https:\/\/virginiagallo.com\/?p=2442\",\"url\":\"https:\/\/virginiagallo.com\/?p=2442\",\"name\":\"Esclava de mis palabras - Virginia Gallo\",\"isPartOf\":{\"@id\":\"https:\/\/virginiagallo.com\/#website\"},\"primaryImageOfPage\":{\"@id\":\"https:\/\/virginiagallo.com\/?p=2442#primaryimage\"},\"image\":{\"@id\":\"https:\/\/virginiagallo.com\/?p=2442#primaryimage\"},\"thumbnailUrl\":\"https:\/\/virginiagallo.com\/wp-content\/uploads\/2022\/10\/Esclava.png\",\"datePublished\":\"2022-10-06T08:36:43+00:00\",\"dateModified\":\"2022-10-06T08:36:45+00:00\",\"description\":\"Todos tenemos un refr\u00e1n, que escuch\u00e1bamos en la infancia, como banda sonora de nuestras vidas.\u00a0\u00bfCu\u00e1l es el m\u00edo?\",\"breadcrumb\":{\"@id\":\"https:\/\/virginiagallo.com\/?p=2442#breadcrumb\"},\"inLanguage\":\"es\",\"potentialAction\":[{\"@type\":\"ReadAction\",\"target\":[\"https:\/\/virginiagallo.com\/?p=2442\"]}]},{\"@type\":\"ImageObject\",\"inLanguage\":\"es\",\"@id\":\"https:\/\/virginiagallo.com\/?p=2442#primaryimage\",\"url\":\"https:\/\/virginiagallo.com\/wp-content\/uploads\/2022\/10\/Esclava.png\",\"contentUrl\":\"https:\/\/virginiagallo.com\/wp-content\/uploads\/2022\/10\/Esclava.png\",\"width\":1080,\"height\":1080},{\"@type\":\"BreadcrumbList\",\"@id\":\"https:\/\/virginiagallo.com\/?p=2442#breadcrumb\",\"itemListElement\":[{\"@type\":\"ListItem\",\"position\":1,\"name\":\"Portada\",\"item\":\"https:\/\/virginiagallo.com\/\"},{\"@type\":\"ListItem\",\"position\":2,\"name\":\"Esclava de mis palabras\"}]},{\"@type\":\"WebSite\",\"@id\":\"https:\/\/virginiagallo.com\/#website\",\"url\":\"https:\/\/virginiagallo.com\/\",\"name\":\"Virginia Gallo\",\"description\":\"Expat Coach\",\"publisher\":{\"@id\":\"https:\/\/virginiagallo.com\/#organization\"},\"potentialAction\":[{\"@type\":\"SearchAction\",\"target\":{\"@type\":\"EntryPoint\",\"urlTemplate\":\"https:\/\/virginiagallo.com\/?s={search_term_string}\"},\"query-input\":{\"@type\":\"PropertyValueSpecification\",\"valueRequired\":true,\"valueName\":\"search_term_string\"}}],\"inLanguage\":\"es\"},{\"@type\":\"Organization\",\"@id\":\"https:\/\/virginiagallo.com\/#organization\",\"name\":\"Virginia Gallo\",\"url\":\"https:\/\/virginiagallo.com\/\",\"logo\":{\"@type\":\"ImageObject\",\"inLanguage\":\"es\",\"@id\":\"https:\/\/virginiagallo.com\/#\/schema\/logo\/image\/\",\"url\":\"https:\/\/virginiagallo.com\/wp-content\/uploads\/2021\/09\/Resumen-de-identidad-02.png\",\"contentUrl\":\"https:\/\/virginiagallo.com\/wp-content\/uploads\/2021\/09\/Resumen-de-identidad-02.png\",\"width\":1334,\"height\":764,\"caption\":\"Virginia Gallo\"},\"image\":{\"@id\":\"https:\/\/virginiagallo.com\/#\/schema\/logo\/image\/\"},\"sameAs\":[\"https:\/\/www.facebook.com\/Virginia-Gallo-Expat-Coach-110050807931706\",\"https:\/\/www.instagram.com\/virginiaexpatcoach\/\",\"https:\/\/www.linkedin.com\/in\/virginia-gallo-cobi\u00e1n-b66719151\/\"]},{\"@type\":\"Person\",\"@id\":\"https:\/\/virginiagallo.com\/#\/schema\/person\/bd5a0453aebc5917f9eba471131f3ac4\",\"name\":\"Virginia Gallo\",\"image\":{\"@type\":\"ImageObject\",\"inLanguage\":\"es\",\"@id\":\"https:\/\/virginiagallo.com\/#\/schema\/person\/image\/\",\"url\":\"https:\/\/secure.gravatar.com\/avatar\/f2398a94ed3f14f9b81b3db0b82edb69642c5d9b4391d00398222f67edad2d50?s=96&d=mm&r=g\",\"contentUrl\":\"https:\/\/secure.gravatar.com\/avatar\/f2398a94ed3f14f9b81b3db0b82edb69642c5d9b4391d00398222f67edad2d50?s=96&d=mm&r=g\",\"caption\":\"Virginia Gallo\"},\"url\":\"https:\/\/virginiagallo.com\/?author=2\"}]}<\/script>\n<!-- \/ Yoast SEO plugin. -->","yoast_head_json":{"title":"Esclava de mis palabras - Virginia Gallo","description":"Todos tenemos un refr\u00e1n, que escuch\u00e1bamos en la infancia, como banda sonora de nuestras vidas.\u00a0\u00bfCu\u00e1l es el m\u00edo?","robots":{"index":"index","follow":"follow","max-snippet":"max-snippet:-1","max-image-preview":"max-image-preview:large","max-video-preview":"max-video-preview:-1"},"canonical":"https:\/\/virginiagallo.com\/?p=2442","og_locale":"es_ES","og_type":"article","og_title":"Esclava de mis palabras - Virginia Gallo","og_description":"Todos tenemos un refr\u00e1n, que escuch\u00e1bamos en la infancia, como banda sonora de nuestras vidas.\u00a0\u00bfCu\u00e1l es el m\u00edo?","og_url":"https:\/\/virginiagallo.com\/?p=2442","og_site_name":"Virginia Gallo","article_publisher":"https:\/\/www.facebook.com\/Virginia-Gallo-Expat-Coach-110050807931706","article_published_time":"2022-10-06T08:36:43+00:00","article_modified_time":"2022-10-06T08:36:45+00:00","og_image":[{"width":1080,"height":1080,"url":"https:\/\/virginiagallo.com\/wp-content\/uploads\/2022\/10\/Esclava.png","type":"image\/png"}],"author":"Virginia Gallo","twitter_card":"summary_large_image","twitter_misc":{"Escrito por":"Virginia Gallo","Tiempo de lectura":"1 minuto"},"schema":{"@context":"https:\/\/schema.org","@graph":[{"@type":"Article","@id":"https:\/\/virginiagallo.com\/?p=2442#article","isPartOf":{"@id":"https:\/\/virginiagallo.com\/?p=2442"},"author":{"name":"Virginia Gallo","@id":"https:\/\/virginiagallo.com\/#\/schema\/person\/bd5a0453aebc5917f9eba471131f3ac4"},"headline":"Esclava de mis palabras","datePublished":"2022-10-06T08:36:43+00:00","dateModified":"2022-10-06T08:36:45+00:00","mainEntityOfPage":{"@id":"https:\/\/virginiagallo.com\/?p=2442"},"wordCount":173,"commentCount":0,"publisher":{"@id":"https:\/\/virginiagallo.com\/#organization"},"image":{"@id":"https:\/\/virginiagallo.com\/?p=2442#primaryimage"},"thumbnailUrl":"https:\/\/virginiagallo.com\/wp-content\/uploads\/2022\/10\/Esclava.png","articleSection":["Uncategorized"],"inLanguage":"es","potentialAction":[{"@type":"CommentAction","name":"Comment","target":["https:\/\/virginiagallo.com\/?p=2442#respond"]}]},{"@type":"WebPage","@id":"https:\/\/virginiagallo.com\/?p=2442","url":"https:\/\/virginiagallo.com\/?p=2442","name":"Esclava de mis palabras - Virginia Gallo","isPartOf":{"@id":"https:\/\/virginiagallo.com\/#website"},"primaryImageOfPage":{"@id":"https:\/\/virginiagallo.com\/?p=2442#primaryimage"},"image":{"@id":"https:\/\/virginiagallo.com\/?p=2442#primaryimage"},"thumbnailUrl":"https:\/\/virginiagallo.com\/wp-content\/uploads\/2022\/10\/Esclava.png","datePublished":"2022-10-06T08:36:43+00:00","dateModified":"2022-10-06T08:36:45+00:00","description":"Todos tenemos un refr\u00e1n, que escuch\u00e1bamos en la infancia, como banda sonora de nuestras vidas.\u00a0\u00bfCu\u00e1l es el m\u00edo?","breadcrumb":{"@id":"https:\/\/virginiagallo.com\/?p=2442#breadcrumb"},"inLanguage":"es","potentialAction":[{"@type":"ReadAction","target":["https:\/\/virginiagallo.com\/?p=2442"]}]},{"@type":"ImageObject","inLanguage":"es","@id":"https:\/\/virginiagallo.com\/?p=2442#primaryimage","url":"https:\/\/virginiagallo.com\/wp-content\/uploads\/2022\/10\/Esclava.png","contentUrl":"https:\/\/virginiagallo.com\/wp-content\/uploads\/2022\/10\/Esclava.png","width":1080,"height":1080},{"@type":"BreadcrumbList","@id":"https:\/\/virginiagallo.com\/?p=2442#breadcrumb","itemListElement":[{"@type":"ListItem","position":1,"name":"Portada","item":"https:\/\/virginiagallo.com\/"},{"@type":"ListItem","position":2,"name":"Esclava de mis palabras"}]},{"@type":"WebSite","@id":"https:\/\/virginiagallo.com\/#website","url":"https:\/\/virginiagallo.com\/","name":"Virginia Gallo","description":"Expat Coach","publisher":{"@id":"https:\/\/virginiagallo.com\/#organization"},"potentialAction":[{"@type":"SearchAction","target":{"@type":"EntryPoint","urlTemplate":"https:\/\/virginiagallo.com\/?s={search_term_string}"},"query-input":{"@type":"PropertyValueSpecification","valueRequired":true,"valueName":"search_term_string"}}],"inLanguage":"es"},{"@type":"Organization","@id":"https:\/\/virginiagallo.com\/#organization","name":"Virginia Gallo","url":"https:\/\/virginiagallo.com\/","logo":{"@type":"ImageObject","inLanguage":"es","@id":"https:\/\/virginiagallo.com\/#\/schema\/logo\/image\/","url":"https:\/\/virginiagallo.com\/wp-content\/uploads\/2021\/09\/Resumen-de-identidad-02.png","contentUrl":"https:\/\/virginiagallo.com\/wp-content\/uploads\/2021\/09\/Resumen-de-identidad-02.png","width":1334,"height":764,"caption":"Virginia Gallo"},"image":{"@id":"https:\/\/virginiagallo.com\/#\/schema\/logo\/image\/"},"sameAs":["https:\/\/www.facebook.com\/Virginia-Gallo-Expat-Coach-110050807931706","https:\/\/www.instagram.com\/virginiaexpatcoach\/","https:\/\/www.linkedin.com\/in\/virginia-gallo-cobi\u00e1n-b66719151\/"]},{"@type":"Person","@id":"https:\/\/virginiagallo.com\/#\/schema\/person\/bd5a0453aebc5917f9eba471131f3ac4","name":"Virginia Gallo","image":{"@type":"ImageObject","inLanguage":"es","@id":"https:\/\/virginiagallo.com\/#\/schema\/person\/image\/","url":"https:\/\/secure.gravatar.com\/avatar\/f2398a94ed3f14f9b81b3db0b82edb69642c5d9b4391d00398222f67edad2d50?s=96&d=mm&r=g","contentUrl":"https:\/\/secure.gravatar.com\/avatar\/f2398a94ed3f14f9b81b3db0b82edb69642c5d9b4391d00398222f67edad2d50?s=96&d=mm&r=g","caption":"Virginia Gallo"},"url":"https:\/\/virginiagallo.com\/?author=2"}]}},"_links":{"self":[{"href":"https:\/\/virginiagallo.com\/index.php?rest_route=\/wp\/v2\/posts\/2442","targetHints":{"allow":["GET"]}}],"collection":[{"href":"https:\/\/virginiagallo.com\/index.php?rest_route=\/wp\/v2\/posts"}],"about":[{"href":"https:\/\/virginiagallo.com\/index.php?rest_route=\/wp\/v2\/types\/post"}],"author":[{"embeddable":true,"href":"https:\/\/virginiagallo.com\/index.php?rest_route=\/wp\/v2\/users\/2"}],"replies":[{"embeddable":true,"href":"https:\/\/virginiagallo.com\/index.php?rest_route=%2Fwp%2Fv2%2Fcomments&post=2442"}],"version-history":[{"count":4,"href":"https:\/\/virginiagallo.com\/index.php?rest_route=\/wp\/v2\/posts\/2442\/revisions"}],"predecessor-version":[{"id":2446,"href":"https:\/\/virginiagallo.com\/index.php?rest_route=\/wp\/v2\/posts\/2442\/revisions\/2446"}],"wp:featuredmedia":[{"embeddable":true,"href":"https:\/\/virginiagallo.com\/index.php?rest_route=\/wp\/v2\/media\/2447"}],"wp:attachment":[{"href":"https:\/\/virginiagallo.com\/index.php?rest_route=%2Fwp%2Fv2%2Fmedia&parent=2442"}],"wp:term":[{"taxonomy":"category","embeddable":true,"href":"https:\/\/virginiagallo.com\/index.php?rest_route=%2Fwp%2Fv2%2Fcategories&post=2442"},{"taxonomy":"post_tag","embeddable":true,"href":"https:\/\/virginiagallo.com\/index.php?rest_route=%2Fwp%2Fv2%2Ftags&post=2442"}],"curies":[{"name":"wp","href":"https:\/\/api.w.org\/{rel}","templated":true}]}}