{"id":2656,"date":"2024-04-19T09:52:11","date_gmt":"2024-04-19T09:52:11","guid":{"rendered":"https:\/\/virginiagallo.com\/?p=2656"},"modified":"2024-04-19T09:52:13","modified_gmt":"2024-04-19T09:52:13","slug":"corresponsabilidad-en-los-cuidados","status":"publish","type":"post","link":"https:\/\/virginiagallo.com\/?p=2656","title":{"rendered":"Corresponsabilidad en los cuidados"},"content":{"rendered":"\n<p>\u00bfSer\u00e1 una idea descabellada o futurista la que vengo a soltar hoy?<br><br>Entiendo la corresponsabilidad en el cuidado de los hijos como un:<br><br>\u2705&nbsp;50-50<br>\u2705&nbsp;Hoy yo. Ma\u00f1ana t\u00fa.<br>\u2705&nbsp;Yo llevo. T\u00fa recoges.<br>\u2705&nbsp;Hago la comida. T\u00fa la cena.<br><br>Puede haber excepciones, claro. Semanas m\u00e1s complicadas, en que se desequilibran las cargas.<br><br>Pero, en l\u00edneas generales:<br><br>\u274c&nbsp;La responsabilidad de un padre es hacia sus hijos, no hacia su pareja.<br>\u274c&nbsp;La madre no deber\u00eda cargar con la crianza en exclusiva, sea cual sea su condici\u00f3n laboral.<br><br>\ud83d\udca1&nbsp;\u00bfEstamos criando hijas que asumen que la responsabilidad de los cuidados es m\u00e1s suya e hijos que conf\u00edan en delegarla?<br><br>Espero que no. Pero miedo me da.<br><\/p>\n\n\n\n<p>Si buscas una distribuci\u00f3n de los cuidados m\u00e1s equitativa, que permita tu incorporaci\u00f3n laboral en el extranjero, <a href=\"https:\/\/virginiagallo.us1.list-manage.com\/subscribe?u=7c2bd1c857e7d43ea7d6ebb39&amp;id=da43e04191\">date de alta en mi newsletter<\/a>, donde ir\u00e9 compartiendo herramientas y reflexiones para trabajar la corresponsabilidad en pareja.<\/p>\n","protected":false},"excerpt":{"rendered":"<p>\u00bfSer\u00e1 una idea descabellada o futurista la que vengo a soltar hoy? Entiendo la corresponsabilidad en el cuidado de los hijos como un: \u2705&nbsp;50-50\u2705&nbsp;Hoy yo. Ma\u00f1ana t\u00fa.\u2705&nbsp;Yo llevo. T\u00fa recoges.\u2705&nbsp;Hago la comida. T\u00fa la cena. Puede haber excepciones, claro. Semanas m\u00e1s complicadas, en que se desequilibran las cargas. Pero, en l\u00edneas generales: \u274c&nbsp;La responsabilidad de [&hellip;]<\/p>\n","protected":false},"author":2,"featured_media":2658,"comment_status":"open","ping_status":"open","sticky":false,"template":"","format":"standard","meta":{"_monsterinsights_skip_tracking":false,"_monsterinsights_sitenote_active":false,"_monsterinsights_sitenote_note":"","_monsterinsights_sitenote_category":0,"footnotes":""},"categories":[1],"tags":[],"class_list":["post-2656","post","type-post","status-publish","format-standard","has-post-thumbnail","hentry","category-uncategorized"],"yoast_head":"<!-- This site is optimized with the Yoast SEO plugin v27.0 - https:\/\/yoast.com\/product\/yoast-seo-wordpress\/ -->\n<title>Corresponsabilidad en los cuidados - Virginia Gallo<\/title>\n<meta name=\"description\" content=\"La responsabilidad de un padre es hacia sus hijos, no hacia su pareja. Por lo tanto, La madre no deber\u00eda cargar con la crianza en exclusiva.\" \/>\n<meta name=\"robots\" content=\"index, follow, max-snippet:-1, max-image-preview:large, max-video-preview:-1\" \/>\n<link rel=\"canonical\" href=\"https:\/\/virginiagallo.com\/?p=2656\" \/>\n<meta property=\"og:locale\" content=\"es_ES\" \/>\n<meta property=\"og:type\" content=\"article\" \/>\n<meta property=\"og:title\" content=\"Corresponsabilidad en los cuidados - Virginia Gallo\" \/>\n<meta property=\"og:description\" content=\"La responsabilidad de un padre es hacia sus hijos, no hacia su pareja. Por lo tanto, La madre no deber\u00eda cargar con la crianza en exclusiva.\" \/>\n<meta property=\"og:url\" content=\"https:\/\/virginiagallo.com\/?p=2656\" \/>\n<meta property=\"og:site_name\" content=\"Virginia Gallo\" \/>\n<meta property=\"article:publisher\" content=\"https:\/\/www.facebook.com\/Virginia-Gallo-Expat-Coach-110050807931706\" \/>\n<meta property=\"article:published_time\" content=\"2024-04-19T09:52:11+00:00\" \/>\n<meta property=\"article:modified_time\" content=\"2024-04-19T09:52:13+00:00\" \/>\n<meta property=\"og:image\" content=\"https:\/\/virginiagallo.com\/wp-content\/uploads\/2024\/04\/Diseno-sin-titulo-6-copia-2.png\" \/>\n\t<meta property=\"og:image:width\" content=\"1080\" \/>\n\t<meta property=\"og:image:height\" content=\"1080\" \/>\n\t<meta property=\"og:image:type\" content=\"image\/png\" \/>\n<meta name=\"author\" content=\"Virginia Gallo\" \/>\n<meta name=\"twitter:card\" content=\"summary_large_image\" \/>\n<meta name=\"twitter:label1\" content=\"Escrito por\" \/>\n\t<meta name=\"twitter:data1\" content=\"Virginia Gallo\" \/>\n\t<meta name=\"twitter:label2\" content=\"Tiempo de lectura\" \/>\n\t<meta name=\"twitter:data2\" content=\"1 minuto\" \/>\n<script type=\"application\/ld+json\" class=\"yoast-schema-graph\">{\"@context\":\"https:\/\/schema.org\",\"@graph\":[{\"@type\":\"Article\",\"@id\":\"https:\/\/virginiagallo.com\/?p=2656#article\",\"isPartOf\":{\"@id\":\"https:\/\/virginiagallo.com\/?p=2656\"},\"author\":{\"name\":\"Virginia Gallo\",\"@id\":\"https:\/\/virginiagallo.com\/#\/schema\/person\/bd5a0453aebc5917f9eba471131f3ac4\"},\"headline\":\"Corresponsabilidad en los cuidados\",\"datePublished\":\"2024-04-19T09:52:11+00:00\",\"dateModified\":\"2024-04-19T09:52:13+00:00\",\"mainEntityOfPage\":{\"@id\":\"https:\/\/virginiagallo.com\/?p=2656\"},\"wordCount\":167,\"commentCount\":0,\"publisher\":{\"@id\":\"https:\/\/virginiagallo.com\/#organization\"},\"image\":{\"@id\":\"https:\/\/virginiagallo.com\/?p=2656#primaryimage\"},\"thumbnailUrl\":\"https:\/\/virginiagallo.com\/wp-content\/uploads\/2024\/04\/Diseno-sin-titulo-6-copia-2.png\",\"articleSection\":[\"Uncategorized\"],\"inLanguage\":\"es\",\"potentialAction\":[{\"@type\":\"CommentAction\",\"name\":\"Comment\",\"target\":[\"https:\/\/virginiagallo.com\/?p=2656#respond\"]}]},{\"@type\":\"WebPage\",\"@id\":\"https:\/\/virginiagallo.com\/?p=2656\",\"url\":\"https:\/\/virginiagallo.com\/?p=2656\",\"name\":\"Corresponsabilidad en los cuidados - Virginia Gallo\",\"isPartOf\":{\"@id\":\"https:\/\/virginiagallo.com\/#website\"},\"primaryImageOfPage\":{\"@id\":\"https:\/\/virginiagallo.com\/?p=2656#primaryimage\"},\"image\":{\"@id\":\"https:\/\/virginiagallo.com\/?p=2656#primaryimage\"},\"thumbnailUrl\":\"https:\/\/virginiagallo.com\/wp-content\/uploads\/2024\/04\/Diseno-sin-titulo-6-copia-2.png\",\"datePublished\":\"2024-04-19T09:52:11+00:00\",\"dateModified\":\"2024-04-19T09:52:13+00:00\",\"description\":\"La responsabilidad de un padre es hacia sus hijos, no hacia su pareja. Por lo tanto, La madre no deber\u00eda cargar con la crianza en exclusiva.\",\"breadcrumb\":{\"@id\":\"https:\/\/virginiagallo.com\/?p=2656#breadcrumb\"},\"inLanguage\":\"es\",\"potentialAction\":[{\"@type\":\"ReadAction\",\"target\":[\"https:\/\/virginiagallo.com\/?p=2656\"]}]},{\"@type\":\"ImageObject\",\"inLanguage\":\"es\",\"@id\":\"https:\/\/virginiagallo.com\/?p=2656#primaryimage\",\"url\":\"https:\/\/virginiagallo.com\/wp-content\/uploads\/2024\/04\/Diseno-sin-titulo-6-copia-2.png\",\"contentUrl\":\"https:\/\/virginiagallo.com\/wp-content\/uploads\/2024\/04\/Diseno-sin-titulo-6-copia-2.png\",\"width\":1080,\"height\":1080},{\"@type\":\"BreadcrumbList\",\"@id\":\"https:\/\/virginiagallo.com\/?p=2656#breadcrumb\",\"itemListElement\":[{\"@type\":\"ListItem\",\"position\":1,\"name\":\"Portada\",\"item\":\"https:\/\/virginiagallo.com\/\"},{\"@type\":\"ListItem\",\"position\":2,\"name\":\"Corresponsabilidad en los cuidados\"}]},{\"@type\":\"WebSite\",\"@id\":\"https:\/\/virginiagallo.com\/#website\",\"url\":\"https:\/\/virginiagallo.com\/\",\"name\":\"Virginia Gallo\",\"description\":\"Expat Coach\",\"publisher\":{\"@id\":\"https:\/\/virginiagallo.com\/#organization\"},\"potentialAction\":[{\"@type\":\"SearchAction\",\"target\":{\"@type\":\"EntryPoint\",\"urlTemplate\":\"https:\/\/virginiagallo.com\/?s={search_term_string}\"},\"query-input\":{\"@type\":\"PropertyValueSpecification\",\"valueRequired\":true,\"valueName\":\"search_term_string\"}}],\"inLanguage\":\"es\"},{\"@type\":\"Organization\",\"@id\":\"https:\/\/virginiagallo.com\/#organization\",\"name\":\"Virginia Gallo\",\"url\":\"https:\/\/virginiagallo.com\/\",\"logo\":{\"@type\":\"ImageObject\",\"inLanguage\":\"es\",\"@id\":\"https:\/\/virginiagallo.com\/#\/schema\/logo\/image\/\",\"url\":\"https:\/\/virginiagallo.com\/wp-content\/uploads\/2021\/09\/Resumen-de-identidad-02.png\",\"contentUrl\":\"https:\/\/virginiagallo.com\/wp-content\/uploads\/2021\/09\/Resumen-de-identidad-02.png\",\"width\":1334,\"height\":764,\"caption\":\"Virginia Gallo\"},\"image\":{\"@id\":\"https:\/\/virginiagallo.com\/#\/schema\/logo\/image\/\"},\"sameAs\":[\"https:\/\/www.facebook.com\/Virginia-Gallo-Expat-Coach-110050807931706\",\"https:\/\/www.instagram.com\/virginiaexpatcoach\/\",\"https:\/\/www.linkedin.com\/in\/virginia-gallo-cobi\u00e1n-b66719151\/\"]},{\"@type\":\"Person\",\"@id\":\"https:\/\/virginiagallo.com\/#\/schema\/person\/bd5a0453aebc5917f9eba471131f3ac4\",\"name\":\"Virginia Gallo\",\"image\":{\"@type\":\"ImageObject\",\"inLanguage\":\"es\",\"@id\":\"https:\/\/virginiagallo.com\/#\/schema\/person\/image\/\",\"url\":\"https:\/\/secure.gravatar.com\/avatar\/f2398a94ed3f14f9b81b3db0b82edb69642c5d9b4391d00398222f67edad2d50?s=96&d=mm&r=g\",\"contentUrl\":\"https:\/\/secure.gravatar.com\/avatar\/f2398a94ed3f14f9b81b3db0b82edb69642c5d9b4391d00398222f67edad2d50?s=96&d=mm&r=g\",\"caption\":\"Virginia Gallo\"},\"url\":\"https:\/\/virginiagallo.com\/?author=2\"}]}<\/script>\n<!-- \/ Yoast SEO plugin. -->","yoast_head_json":{"title":"Corresponsabilidad en los cuidados - Virginia Gallo","description":"La responsabilidad de un padre es hacia sus hijos, no hacia su pareja. Por lo tanto, La madre no deber\u00eda cargar con la crianza en exclusiva.","robots":{"index":"index","follow":"follow","max-snippet":"max-snippet:-1","max-image-preview":"max-image-preview:large","max-video-preview":"max-video-preview:-1"},"canonical":"https:\/\/virginiagallo.com\/?p=2656","og_locale":"es_ES","og_type":"article","og_title":"Corresponsabilidad en los cuidados - Virginia Gallo","og_description":"La responsabilidad de un padre es hacia sus hijos, no hacia su pareja. Por lo tanto, La madre no deber\u00eda cargar con la crianza en exclusiva.","og_url":"https:\/\/virginiagallo.com\/?p=2656","og_site_name":"Virginia Gallo","article_publisher":"https:\/\/www.facebook.com\/Virginia-Gallo-Expat-Coach-110050807931706","article_published_time":"2024-04-19T09:52:11+00:00","article_modified_time":"2024-04-19T09:52:13+00:00","og_image":[{"width":1080,"height":1080,"url":"https:\/\/virginiagallo.com\/wp-content\/uploads\/2024\/04\/Diseno-sin-titulo-6-copia-2.png","type":"image\/png"}],"author":"Virginia Gallo","twitter_card":"summary_large_image","twitter_misc":{"Escrito por":"Virginia Gallo","Tiempo de lectura":"1 minuto"},"schema":{"@context":"https:\/\/schema.org","@graph":[{"@type":"Article","@id":"https:\/\/virginiagallo.com\/?p=2656#article","isPartOf":{"@id":"https:\/\/virginiagallo.com\/?p=2656"},"author":{"name":"Virginia Gallo","@id":"https:\/\/virginiagallo.com\/#\/schema\/person\/bd5a0453aebc5917f9eba471131f3ac4"},"headline":"Corresponsabilidad en los cuidados","datePublished":"2024-04-19T09:52:11+00:00","dateModified":"2024-04-19T09:52:13+00:00","mainEntityOfPage":{"@id":"https:\/\/virginiagallo.com\/?p=2656"},"wordCount":167,"commentCount":0,"publisher":{"@id":"https:\/\/virginiagallo.com\/#organization"},"image":{"@id":"https:\/\/virginiagallo.com\/?p=2656#primaryimage"},"thumbnailUrl":"https:\/\/virginiagallo.com\/wp-content\/uploads\/2024\/04\/Diseno-sin-titulo-6-copia-2.png","articleSection":["Uncategorized"],"inLanguage":"es","potentialAction":[{"@type":"CommentAction","name":"Comment","target":["https:\/\/virginiagallo.com\/?p=2656#respond"]}]},{"@type":"WebPage","@id":"https:\/\/virginiagallo.com\/?p=2656","url":"https:\/\/virginiagallo.com\/?p=2656","name":"Corresponsabilidad en los cuidados - Virginia Gallo","isPartOf":{"@id":"https:\/\/virginiagallo.com\/#website"},"primaryImageOfPage":{"@id":"https:\/\/virginiagallo.com\/?p=2656#primaryimage"},"image":{"@id":"https:\/\/virginiagallo.com\/?p=2656#primaryimage"},"thumbnailUrl":"https:\/\/virginiagallo.com\/wp-content\/uploads\/2024\/04\/Diseno-sin-titulo-6-copia-2.png","datePublished":"2024-04-19T09:52:11+00:00","dateModified":"2024-04-19T09:52:13+00:00","description":"La responsabilidad de un padre es hacia sus hijos, no hacia su pareja. Por lo tanto, La madre no deber\u00eda cargar con la crianza en exclusiva.","breadcrumb":{"@id":"https:\/\/virginiagallo.com\/?p=2656#breadcrumb"},"inLanguage":"es","potentialAction":[{"@type":"ReadAction","target":["https:\/\/virginiagallo.com\/?p=2656"]}]},{"@type":"ImageObject","inLanguage":"es","@id":"https:\/\/virginiagallo.com\/?p=2656#primaryimage","url":"https:\/\/virginiagallo.com\/wp-content\/uploads\/2024\/04\/Diseno-sin-titulo-6-copia-2.png","contentUrl":"https:\/\/virginiagallo.com\/wp-content\/uploads\/2024\/04\/Diseno-sin-titulo-6-copia-2.png","width":1080,"height":1080},{"@type":"BreadcrumbList","@id":"https:\/\/virginiagallo.com\/?p=2656#breadcrumb","itemListElement":[{"@type":"ListItem","position":1,"name":"Portada","item":"https:\/\/virginiagallo.com\/"},{"@type":"ListItem","position":2,"name":"Corresponsabilidad en los cuidados"}]},{"@type":"WebSite","@id":"https:\/\/virginiagallo.com\/#website","url":"https:\/\/virginiagallo.com\/","name":"Virginia Gallo","description":"Expat Coach","publisher":{"@id":"https:\/\/virginiagallo.com\/#organization"},"potentialAction":[{"@type":"SearchAction","target":{"@type":"EntryPoint","urlTemplate":"https:\/\/virginiagallo.com\/?s={search_term_string}"},"query-input":{"@type":"PropertyValueSpecification","valueRequired":true,"valueName":"search_term_string"}}],"inLanguage":"es"},{"@type":"Organization","@id":"https:\/\/virginiagallo.com\/#organization","name":"Virginia Gallo","url":"https:\/\/virginiagallo.com\/","logo":{"@type":"ImageObject","inLanguage":"es","@id":"https:\/\/virginiagallo.com\/#\/schema\/logo\/image\/","url":"https:\/\/virginiagallo.com\/wp-content\/uploads\/2021\/09\/Resumen-de-identidad-02.png","contentUrl":"https:\/\/virginiagallo.com\/wp-content\/uploads\/2021\/09\/Resumen-de-identidad-02.png","width":1334,"height":764,"caption":"Virginia Gallo"},"image":{"@id":"https:\/\/virginiagallo.com\/#\/schema\/logo\/image\/"},"sameAs":["https:\/\/www.facebook.com\/Virginia-Gallo-Expat-Coach-110050807931706","https:\/\/www.instagram.com\/virginiaexpatcoach\/","https:\/\/www.linkedin.com\/in\/virginia-gallo-cobi\u00e1n-b66719151\/"]},{"@type":"Person","@id":"https:\/\/virginiagallo.com\/#\/schema\/person\/bd5a0453aebc5917f9eba471131f3ac4","name":"Virginia Gallo","image":{"@type":"ImageObject","inLanguage":"es","@id":"https:\/\/virginiagallo.com\/#\/schema\/person\/image\/","url":"https:\/\/secure.gravatar.com\/avatar\/f2398a94ed3f14f9b81b3db0b82edb69642c5d9b4391d00398222f67edad2d50?s=96&d=mm&r=g","contentUrl":"https:\/\/secure.gravatar.com\/avatar\/f2398a94ed3f14f9b81b3db0b82edb69642c5d9b4391d00398222f67edad2d50?s=96&d=mm&r=g","caption":"Virginia Gallo"},"url":"https:\/\/virginiagallo.com\/?author=2"}]}},"_links":{"self":[{"href":"https:\/\/virginiagallo.com\/index.php?rest_route=\/wp\/v2\/posts\/2656","targetHints":{"allow":["GET"]}}],"collection":[{"href":"https:\/\/virginiagallo.com\/index.php?rest_route=\/wp\/v2\/posts"}],"about":[{"href":"https:\/\/virginiagallo.com\/index.php?rest_route=\/wp\/v2\/types\/post"}],"author":[{"embeddable":true,"href":"https:\/\/virginiagallo.com\/index.php?rest_route=\/wp\/v2\/users\/2"}],"replies":[{"embeddable":true,"href":"https:\/\/virginiagallo.com\/index.php?rest_route=%2Fwp%2Fv2%2Fcomments&post=2656"}],"version-history":[{"count":3,"href":"https:\/\/virginiagallo.com\/index.php?rest_route=\/wp\/v2\/posts\/2656\/revisions"}],"predecessor-version":[{"id":2660,"href":"https:\/\/virginiagallo.com\/index.php?rest_route=\/wp\/v2\/posts\/2656\/revisions\/2660"}],"wp:featuredmedia":[{"embeddable":true,"href":"https:\/\/virginiagallo.com\/index.php?rest_route=\/wp\/v2\/media\/2658"}],"wp:attachment":[{"href":"https:\/\/virginiagallo.com\/index.php?rest_route=%2Fwp%2Fv2%2Fmedia&parent=2656"}],"wp:term":[{"taxonomy":"category","embeddable":true,"href":"https:\/\/virginiagallo.com\/index.php?rest_route=%2Fwp%2Fv2%2Fcategories&post=2656"},{"taxonomy":"post_tag","embeddable":true,"href":"https:\/\/virginiagallo.com\/index.php?rest_route=%2Fwp%2Fv2%2Ftags&post=2656"}],"curies":[{"name":"wp","href":"https:\/\/api.w.org\/{rel}","templated":true}]}}